{"id":811,"date":"2020-02-06T19:04:33","date_gmt":"2020-02-06T18:04:33","guid":{"rendered":"http:\/\/www.testart.it\/?p=811"},"modified":"2020-06-18T11:44:31","modified_gmt":"2020-06-18T09:44:31","slug":"e-in-preparazione-il-terzo-concorso-di-pittura-i-cittadini-incontrano-larte-2","status":"publish","type":"post","link":"https:\/\/www.testart.it\/en\/e-in-preparazione-il-terzo-concorso-di-pittura-i-cittadini-incontrano-larte-2\/","title":{"rendered":"E&#8217; in preparazione il Terzo Concorso di Pittura                  &#8220;I CITTADINI INCONTRANO L&#8217;ARTE&#8221;"},"content":{"rendered":"<figure class=\"wp-block-image size-large\"><img decoding=\"async\" src=\"http:\/\/www.testart.it\/wp-content\/uploads\/2-Locandina-partecipazione-TERZO-concorso_page-0001-725x1024.jpg\" alt=\"concorso di pittura\" class=\"wp-image-802\"\/><\/figure>\n\n\n\n<p><strong><em>Concept<\/em><\/strong><\/p>\n\n\n\n<p><\/p>\n\n\n\n<p>Il  Concorso di Pittura <strong>&#8220;I CITTADINI INCONTRANO L&#8217;ARTE&#8221;<\/strong>, arrivato alla sua terza edizione si prefigge di avvicinare il pubblico all\u2019arte mediante una partecipazione diretta.<\/p>\n\n\n\n<p>Dare\nla parola ai cittadini, rendendoli protagonisti insieme agli\nartisti\u2026\u2026giudicandi e giudicati.<\/p>\n\n\n\n<p>Dover dare un voto all&#8217;opera che pi\u00f9 ci dona piacere ed emozioni, creer\u00e0 nel visitatore un interesse maggiore, che lo porter\u00e0 a soffermarsi pi\u00f9 a lungo e a prestare maggiore attenzione. Rifletter\u00e0 quindi sulla tecnica, sui colori adoperati, sul messaggio che l&#8217;artista vuole trasmettere; inizier\u00e0 cosi a \u201cguardare\u201d e non solo a \u201cvedere\u201d. Questo lo porter\u00e0 ad apprezzare di pi\u00f9 il rapporto con l&#8217;Arte e a far scattare la voglia di proseguire (\u00e8 l&#8217; intento dell&#8217;Associazione) in altri ambiti con la stessa attenzione.<\/p>\n\n\n\n<p>Sar\u00e0\nil pubblico a decretare il vincitore attraverso una scheda, che gli verr\u00e0\nconsegnata al momento dell\u2019ingresso alla mostra. Voteranno per l\u2019opera\nprescelta indicandone il titolo, l\u2019autore e, perch\u00e9 no, un loro personale\npensiero relativo all\u2019iniziativa, all\u2019artista e allo spazio che ci ospiter\u00e0.<\/p>\n\n\n\n<p>La\nscheda sar\u00e0 deposta in un\u2019urna, come da prassi, fino al giorno del finissage\nquando gli organizzatori procederanno allo spoglio, visualizzabile su di un\nmonitor, alla presenza di artisti e visitatori, per proclamare le opere\nvincitrici.<\/p>\n\n\n\n<p>Visto\nil considerevole interesse dimostrato dagli artisti in termini di\ncoinvolgimento ed entusiasmo per l\u2019iniziativa, e visto il considerevole numero\ndi votanti (nelle prime due edizioni ce ne sono stati circa duemila),\nl\u2019Associazione Culturale Test\u2019Art, per questa edizione, ha ritenuto\nopportuno&nbsp; estendere a tre il numero\ndegli artisti premiati.<\/p>\n\n\n\n<p>Come\ni precedenti anni, all\u2019artista che si classificher\u00e0 al primo posto, verr\u00e0\nofferta, dagli organizzatori e dallo spazio ospitante l\u2019occasione di allestire\nuna Mostra Personale, attraverso cui il vincitore potr\u00e0 esporre pi\u00f9 ampiamente\nil suo percorso artistico.<\/p>\n\n\n\n<p>Il\nsecondo classificato vincer\u00e0 articoli di belle arti.<\/p>\n\n\n\n<p>Il\nTerzo classificato ricever\u00e0 un abbonamento per un anno ad una rivista d\u2019arte.<\/p>\n\n\n\n<p>La\nmanifestazione avr\u00e0 la durata di un mese circa. <\/p>\n\n\n\n<p>La mostra personale avr\u00e0 la durata di circa 10 giorni\nda inaugurarsi nell&#8217;autunno 2020.<\/p>","protected":false},"excerpt":{"rendered":"<p>Concept Il Concorso di Pittura &#8220;I CITTADINI INCONTRANO L&#8217;ARTE&#8221;, arrivato alla sua terza edizione si prefigge di avvicinare il pubblico all\u2019arte mediante una partecipazione diretta. Dare la parola ai cittadini, rendendoli protagonisti insieme agli artisti\u2026\u2026giudicandi [&hellip;]<\/p>","protected":false},"author":8,"featured_media":806,"comment_status":"open","ping_status":"open","sticky":false,"template":"","format":"standard","meta":{"_monsterinsights_skip_tracking":false,"_monsterinsights_sitenote_active":false,"_monsterinsights_sitenote_note":"","_monsterinsights_sitenote_category":0,"footnotes":""},"categories":[3,8],"tags":[],"class_list":["post-811","post","type-post","status-publish","format-standard","has-post-thumbnail","hentry","category-concorsi-arte","category-tutti-gli-articoli"],"yoast_head":"<!-- This site is optimized with the Yoast SEO plugin v26.2 - https:\/\/yoast.com\/wordpress\/plugins\/seo\/ -->\r\n<title>Terza edizione &quot;I CITTADINI INCONTRANO L&#039;ARTE&quot; - Test&#039;Art<\/title>\r\n<meta name=\"description\" content=\"Il Concorso di Pittura &quot;I CITTADINI INCONTRANO L&#039;ARTE&quot;, alla sua terza edizione, si prefigge di avvicinare il pubblico all\u2019arte con partecipazione diretta.\" \/>\r\n<meta name=\"robots\" content=\"index, follow, max-snippet:-1, max-image-preview:large, max-video-preview:-1\" \/>\r\n<link rel=\"canonical\" href=\"https:\/\/www.testart.it\/en\/e-in-preparazione-il-terzo-concorso-di-pittura-i-cittadini-incontrano-larte-2\/\" \/>\r\n<meta property=\"og:locale\" content=\"en_GB\" \/>\r\n<meta property=\"og:type\" content=\"article\" \/>\r\n<meta property=\"og:title\" content=\"Terza edizione &quot;I CITTADINI INCONTRANO L&#039;ARTE&quot; - Test&#039;Art\" \/>\r\n<meta property=\"og:description\" content=\"Il Concorso di Pittura &quot;I CITTADINI INCONTRANO L&#039;ARTE&quot;, alla sua terza edizione, si prefigge di avvicinare il pubblico all\u2019arte con partecipazione diretta.\" \/>\r\n<meta property=\"og:url\" content=\"https:\/\/www.testart.it\/en\/e-in-preparazione-il-terzo-concorso-di-pittura-i-cittadini-incontrano-larte-2\/\" \/>\r\n<meta property=\"og:site_name\" content=\"Test&#039;Art\" \/>\r\n<meta property=\"article:publisher\" content=\"https:\/\/www.facebook.com\/testart.it\/\" \/>\r\n<meta property=\"article:published_time\" content=\"2020-02-06T18:04:33+00:00\" \/>\r\n<meta property=\"article:modified_time\" content=\"2020-06-18T09:44:31+00:00\" \/>\r\n<meta property=\"og:image\" content=\"https:\/\/www.testart.it\/wp-content\/uploads\/2-Locandina-partecipazione-TERZO-concorso_page-0001-1.jpg\" \/>\r\n\t<meta property=\"og:image:width\" content=\"1241\" \/>\r\n\t<meta property=\"og:image:height\" content=\"1754\" \/>\r\n\t<meta property=\"og:image:type\" content=\"image\/jpeg\" \/>\r\n<meta name=\"author\" content=\"codini\" \/>\r\n<meta name=\"twitter:card\" content=\"summary_large_image\" \/>\r\n<meta name=\"twitter:label1\" content=\"Written by\" \/>\n\t<meta name=\"twitter:data1\" content=\"codini\" \/>\n\t<meta name=\"twitter:label2\" content=\"Estimated reading time\" \/>\n\t<meta name=\"twitter:data2\" content=\"2 minutes\" \/>\r\n<script type=\"application\/ld+json\" class=\"yoast-schema-graph\">{\"@context\":\"https:\/\/schema.org\",\"@graph\":[{\"@type\":\"Article\",\"@id\":\"https:\/\/www.testart.it\/e-in-preparazione-il-terzo-concorso-di-pittura-i-cittadini-incontrano-larte-2\/#article\",\"isPartOf\":{\"@id\":\"https:\/\/www.testart.it\/e-in-preparazione-il-terzo-concorso-di-pittura-i-cittadini-incontrano-larte-2\/\"},\"author\":{\"name\":\"codini\",\"@id\":\"https:\/\/www.testart.it\/#\/schema\/person\/eeb42610a493cd2172a3e6b78edcffb2\"},\"headline\":\"E&#8217; in preparazione il Terzo Concorso di Pittura &#8220;I CITTADINI INCONTRANO L&#8217;ARTE&#8221;\",\"datePublished\":\"2020-02-06T18:04:33+00:00\",\"dateModified\":\"2020-06-18T09:44:31+00:00\",\"mainEntityOfPage\":{\"@id\":\"https:\/\/www.testart.it\/e-in-preparazione-il-terzo-concorso-di-pittura-i-cittadini-incontrano-larte-2\/\"},\"wordCount\":360,\"commentCount\":0,\"publisher\":{\"@id\":\"https:\/\/www.testart.it\/#organization\"},\"image\":{\"@id\":\"https:\/\/www.testart.it\/e-in-preparazione-il-terzo-concorso-di-pittura-i-cittadini-incontrano-larte-2\/#primaryimage\"},\"thumbnailUrl\":\"https:\/\/www.testart.it\/wp-content\/uploads\/2-Locandina-partecipazione-TERZO-concorso_page-0001-1.jpg\",\"articleSection\":[\"Concorsi\",\"News\"],\"inLanguage\":\"en-GB\",\"potentialAction\":[{\"@type\":\"CommentAction\",\"name\":\"Comment\",\"target\":[\"https:\/\/www.testart.it\/e-in-preparazione-il-terzo-concorso-di-pittura-i-cittadini-incontrano-larte-2\/#respond\"]}]},{\"@type\":\"WebPage\",\"@id\":\"https:\/\/www.testart.it\/e-in-preparazione-il-terzo-concorso-di-pittura-i-cittadini-incontrano-larte-2\/\",\"url\":\"https:\/\/www.testart.it\/e-in-preparazione-il-terzo-concorso-di-pittura-i-cittadini-incontrano-larte-2\/\",\"name\":\"Terza edizione \\\"I CITTADINI INCONTRANO L'ARTE\\\" - Test&#039;Art\",\"isPartOf\":{\"@id\":\"https:\/\/www.testart.it\/#website\"},\"primaryImageOfPage\":{\"@id\":\"https:\/\/www.testart.it\/e-in-preparazione-il-terzo-concorso-di-pittura-i-cittadini-incontrano-larte-2\/#primaryimage\"},\"image\":{\"@id\":\"https:\/\/www.testart.it\/e-in-preparazione-il-terzo-concorso-di-pittura-i-cittadini-incontrano-larte-2\/#primaryimage\"},\"thumbnailUrl\":\"https:\/\/www.testart.it\/wp-content\/uploads\/2-Locandina-partecipazione-TERZO-concorso_page-0001-1.jpg\",\"datePublished\":\"2020-02-06T18:04:33+00:00\",\"dateModified\":\"2020-06-18T09:44:31+00:00\",\"description\":\"Il Concorso di Pittura \\\"I CITTADINI INCONTRANO L'ARTE\\\", alla sua terza edizione, si prefigge di avvicinare il pubblico all\u2019arte con partecipazione diretta.\",\"breadcrumb\":{\"@id\":\"https:\/\/www.testart.it\/e-in-preparazione-il-terzo-concorso-di-pittura-i-cittadini-incontrano-larte-2\/#breadcrumb\"},\"inLanguage\":\"en-GB\",\"potentialAction\":[{\"@type\":\"ReadAction\",\"target\":[\"https:\/\/www.testart.it\/e-in-preparazione-il-terzo-concorso-di-pittura-i-cittadini-incontrano-larte-2\/\"]}]},{\"@type\":\"ImageObject\",\"inLanguage\":\"en-GB\",\"@id\":\"https:\/\/www.testart.it\/e-in-preparazione-il-terzo-concorso-di-pittura-i-cittadini-incontrano-larte-2\/#primaryimage\",\"url\":\"https:\/\/www.testart.it\/wp-content\/uploads\/2-Locandina-partecipazione-TERZO-concorso_page-0001-1.jpg\",\"contentUrl\":\"https:\/\/www.testart.it\/wp-content\/uploads\/2-Locandina-partecipazione-TERZO-concorso_page-0001-1.jpg\",\"width\":1241,\"height\":1754},{\"@type\":\"BreadcrumbList\",\"@id\":\"https:\/\/www.testart.it\/e-in-preparazione-il-terzo-concorso-di-pittura-i-cittadini-incontrano-larte-2\/#breadcrumb\",\"itemListElement\":[{\"@type\":\"ListItem\",\"position\":1,\"name\":\"Home\",\"item\":\"https:\/\/www.testart.it\/\"},{\"@type\":\"ListItem\",\"position\":2,\"name\":\"E&#8217; in preparazione il Terzo Concorso di Pittura &#8220;I CITTADINI INCONTRANO L&#8217;ARTE&#8221;\"}]},{\"@type\":\"WebSite\",\"@id\":\"https:\/\/www.testart.it\/#website\",\"url\":\"https:\/\/www.testart.it\/\",\"name\":\"Test&#039;Art\",\"description\":\"\",\"publisher\":{\"@id\":\"https:\/\/www.testart.it\/#organization\"},\"potentialAction\":[{\"@type\":\"SearchAction\",\"target\":{\"@type\":\"EntryPoint\",\"urlTemplate\":\"https:\/\/www.testart.it\/?s={search_term_string}\"},\"query-input\":{\"@type\":\"PropertyValueSpecification\",\"valueRequired\":true,\"valueName\":\"search_term_string\"}}],\"inLanguage\":\"en-GB\"},{\"@type\":\"Organization\",\"@id\":\"https:\/\/www.testart.it\/#organization\",\"name\":\"Test'Art | Associazione Culturale\",\"url\":\"https:\/\/www.testart.it\/\",\"logo\":{\"@type\":\"ImageObject\",\"inLanguage\":\"en-GB\",\"@id\":\"https:\/\/www.testart.it\/#\/schema\/logo\/image\/\",\"url\":\"https:\/\/www.testart.it\/wp-content\/uploads\/2019\/06\/testart_ORIGINALE_picc.png\",\"contentUrl\":\"https:\/\/www.testart.it\/wp-content\/uploads\/2019\/06\/testart_ORIGINALE_picc.png\",\"width\":250,\"height\":250,\"caption\":\"Test'Art | Associazione Culturale\"},\"image\":{\"@id\":\"https:\/\/www.testart.it\/#\/schema\/logo\/image\/\"},\"sameAs\":[\"https:\/\/www.facebook.com\/testart.it\/\",\"https:\/\/www.instagram.com\/testartcultura\/\"]},{\"@type\":\"Person\",\"@id\":\"https:\/\/www.testart.it\/#\/schema\/person\/eeb42610a493cd2172a3e6b78edcffb2\",\"name\":\"codini\",\"image\":{\"@type\":\"ImageObject\",\"inLanguage\":\"en-GB\",\"@id\":\"https:\/\/www.testart.it\/#\/schema\/person\/image\/\",\"url\":\"https:\/\/secure.gravatar.com\/avatar\/626fb506594eb011cfcd8be60ddfc8c17f073858e21d2ac99f51a9d0d6c34dfa?s=96&d=mm&r=g\",\"contentUrl\":\"https:\/\/secure.gravatar.com\/avatar\/626fb506594eb011cfcd8be60ddfc8c17f073858e21d2ac99f51a9d0d6c34dfa?s=96&d=mm&r=g\",\"caption\":\"codini\"},\"url\":\"https:\/\/www.testart.it\/en\/author\/codini\/\"}]}<\/script>\r\n<!-- \/ Yoast SEO plugin. -->","yoast_head_json":{"title":"Terza edizione \"I CITTADINI INCONTRANO L'ARTE\" - Test&#039;Art","description":"Il Concorso di Pittura \"I CITTADINI INCONTRANO L'ARTE\", alla sua terza edizione, si prefigge di avvicinare il pubblico all\u2019arte con partecipazione diretta.","robots":{"index":"index","follow":"follow","max-snippet":"max-snippet:-1","max-image-preview":"max-image-preview:large","max-video-preview":"max-video-preview:-1"},"canonical":"https:\/\/www.testart.it\/en\/e-in-preparazione-il-terzo-concorso-di-pittura-i-cittadini-incontrano-larte-2\/","og_locale":"en_GB","og_type":"article","og_title":"Terza edizione \"I CITTADINI INCONTRANO L'ARTE\" - Test&#039;Art","og_description":"Il Concorso di Pittura \"I CITTADINI INCONTRANO L'ARTE\", alla sua terza edizione, si prefigge di avvicinare il pubblico all\u2019arte con partecipazione diretta.","og_url":"https:\/\/www.testart.it\/en\/e-in-preparazione-il-terzo-concorso-di-pittura-i-cittadini-incontrano-larte-2\/","og_site_name":"Test&#039;Art","article_publisher":"https:\/\/www.facebook.com\/testart.it\/","article_published_time":"2020-02-06T18:04:33+00:00","article_modified_time":"2020-06-18T09:44:31+00:00","og_image":[{"width":1241,"height":1754,"url":"https:\/\/www.testart.it\/wp-content\/uploads\/2-Locandina-partecipazione-TERZO-concorso_page-0001-1.jpg","type":"image\/jpeg"}],"author":"codini","twitter_card":"summary_large_image","twitter_misc":{"Written by":"codini","Estimated reading time":"2 minutes"},"schema":{"@context":"https:\/\/schema.org","@graph":[{"@type":"Article","@id":"https:\/\/www.testart.it\/e-in-preparazione-il-terzo-concorso-di-pittura-i-cittadini-incontrano-larte-2\/#article","isPartOf":{"@id":"https:\/\/www.testart.it\/e-in-preparazione-il-terzo-concorso-di-pittura-i-cittadini-incontrano-larte-2\/"},"author":{"name":"codini","@id":"https:\/\/www.testart.it\/#\/schema\/person\/eeb42610a493cd2172a3e6b78edcffb2"},"headline":"E&#8217; in preparazione il Terzo Concorso di Pittura &#8220;I CITTADINI INCONTRANO L&#8217;ARTE&#8221;","datePublished":"2020-02-06T18:04:33+00:00","dateModified":"2020-06-18T09:44:31+00:00","mainEntityOfPage":{"@id":"https:\/\/www.testart.it\/e-in-preparazione-il-terzo-concorso-di-pittura-i-cittadini-incontrano-larte-2\/"},"wordCount":360,"commentCount":0,"publisher":{"@id":"https:\/\/www.testart.it\/#organization"},"image":{"@id":"https:\/\/www.testart.it\/e-in-preparazione-il-terzo-concorso-di-pittura-i-cittadini-incontrano-larte-2\/#primaryimage"},"thumbnailUrl":"https:\/\/www.testart.it\/wp-content\/uploads\/2-Locandina-partecipazione-TERZO-concorso_page-0001-1.jpg","articleSection":["Concorsi","News"],"inLanguage":"en-GB","potentialAction":[{"@type":"CommentAction","name":"Comment","target":["https:\/\/www.testart.it\/e-in-preparazione-il-terzo-concorso-di-pittura-i-cittadini-incontrano-larte-2\/#respond"]}]},{"@type":"WebPage","@id":"https:\/\/www.testart.it\/e-in-preparazione-il-terzo-concorso-di-pittura-i-cittadini-incontrano-larte-2\/","url":"https:\/\/www.testart.it\/e-in-preparazione-il-terzo-concorso-di-pittura-i-cittadini-incontrano-larte-2\/","name":"Terza edizione \"I CITTADINI INCONTRANO L'ARTE\" - Test&#039;Art","isPartOf":{"@id":"https:\/\/www.testart.it\/#website"},"primaryImageOfPage":{"@id":"https:\/\/www.testart.it\/e-in-preparazione-il-terzo-concorso-di-pittura-i-cittadini-incontrano-larte-2\/#primaryimage"},"image":{"@id":"https:\/\/www.testart.it\/e-in-preparazione-il-terzo-concorso-di-pittura-i-cittadini-incontrano-larte-2\/#primaryimage"},"thumbnailUrl":"https:\/\/www.testart.it\/wp-content\/uploads\/2-Locandina-partecipazione-TERZO-concorso_page-0001-1.jpg","datePublished":"2020-02-06T18:04:33+00:00","dateModified":"2020-06-18T09:44:31+00:00","description":"Il Concorso di Pittura \"I CITTADINI INCONTRANO L'ARTE\", alla sua terza edizione, si prefigge di avvicinare il pubblico all\u2019arte con partecipazione diretta.","breadcrumb":{"@id":"https:\/\/www.testart.it\/e-in-preparazione-il-terzo-concorso-di-pittura-i-cittadini-incontrano-larte-2\/#breadcrumb"},"inLanguage":"en-GB","potentialAction":[{"@type":"ReadAction","target":["https:\/\/www.testart.it\/e-in-preparazione-il-terzo-concorso-di-pittura-i-cittadini-incontrano-larte-2\/"]}]},{"@type":"ImageObject","inLanguage":"en-GB","@id":"https:\/\/www.testart.it\/e-in-preparazione-il-terzo-concorso-di-pittura-i-cittadini-incontrano-larte-2\/#primaryimage","url":"https:\/\/www.testart.it\/wp-content\/uploads\/2-Locandina-partecipazione-TERZO-concorso_page-0001-1.jpg","contentUrl":"https:\/\/www.testart.it\/wp-content\/uploads\/2-Locandina-partecipazione-TERZO-concorso_page-0001-1.jpg","width":1241,"height":1754},{"@type":"BreadcrumbList","@id":"https:\/\/www.testart.it\/e-in-preparazione-il-terzo-concorso-di-pittura-i-cittadini-incontrano-larte-2\/#breadcrumb","itemListElement":[{"@type":"ListItem","position":1,"name":"Home","item":"https:\/\/www.testart.it\/"},{"@type":"ListItem","position":2,"name":"E&#8217; in preparazione il Terzo Concorso di Pittura &#8220;I CITTADINI INCONTRANO L&#8217;ARTE&#8221;"}]},{"@type":"WebSite","@id":"https:\/\/www.testart.it\/#website","url":"https:\/\/www.testart.it\/","name":"Test&#039;Art","description":"","publisher":{"@id":"https:\/\/www.testart.it\/#organization"},"potentialAction":[{"@type":"SearchAction","target":{"@type":"EntryPoint","urlTemplate":"https:\/\/www.testart.it\/?s={search_term_string}"},"query-input":{"@type":"PropertyValueSpecification","valueRequired":true,"valueName":"search_term_string"}}],"inLanguage":"en-GB"},{"@type":"Organization","@id":"https:\/\/www.testart.it\/#organization","name":"Test'Art | Associazione Culturale","url":"https:\/\/www.testart.it\/","logo":{"@type":"ImageObject","inLanguage":"en-GB","@id":"https:\/\/www.testart.it\/#\/schema\/logo\/image\/","url":"https:\/\/www.testart.it\/wp-content\/uploads\/2019\/06\/testart_ORIGINALE_picc.png","contentUrl":"https:\/\/www.testart.it\/wp-content\/uploads\/2019\/06\/testart_ORIGINALE_picc.png","width":250,"height":250,"caption":"Test'Art | Associazione Culturale"},"image":{"@id":"https:\/\/www.testart.it\/#\/schema\/logo\/image\/"},"sameAs":["https:\/\/www.facebook.com\/testart.it\/","https:\/\/www.instagram.com\/testartcultura\/"]},{"@type":"Person","@id":"https:\/\/www.testart.it\/#\/schema\/person\/eeb42610a493cd2172a3e6b78edcffb2","name":"codini","image":{"@type":"ImageObject","inLanguage":"en-GB","@id":"https:\/\/www.testart.it\/#\/schema\/person\/image\/","url":"https:\/\/secure.gravatar.com\/avatar\/626fb506594eb011cfcd8be60ddfc8c17f073858e21d2ac99f51a9d0d6c34dfa?s=96&d=mm&r=g","contentUrl":"https:\/\/secure.gravatar.com\/avatar\/626fb506594eb011cfcd8be60ddfc8c17f073858e21d2ac99f51a9d0d6c34dfa?s=96&d=mm&r=g","caption":"codini"},"url":"https:\/\/www.testart.it\/en\/author\/codini\/"}]}},"_links":{"self":[{"href":"https:\/\/www.testart.it\/en\/wp-json\/wp\/v2\/posts\/811","targetHints":{"allow":["GET"]}}],"collection":[{"href":"https:\/\/www.testart.it\/en\/wp-json\/wp\/v2\/posts"}],"about":[{"href":"https:\/\/www.testart.it\/en\/wp-json\/wp\/v2\/types\/post"}],"author":[{"embeddable":true,"href":"https:\/\/www.testart.it\/en\/wp-json\/wp\/v2\/users\/8"}],"replies":[{"embeddable":true,"href":"https:\/\/www.testart.it\/en\/wp-json\/wp\/v2\/comments?post=811"}],"version-history":[{"count":3,"href":"https:\/\/www.testart.it\/en\/wp-json\/wp\/v2\/posts\/811\/revisions"}],"predecessor-version":[{"id":1275,"href":"https:\/\/www.testart.it\/en\/wp-json\/wp\/v2\/posts\/811\/revisions\/1275"}],"wp:featuredmedia":[{"embeddable":true,"href":"https:\/\/www.testart.it\/en\/wp-json\/wp\/v2\/media\/806"}],"wp:attachment":[{"href":"https:\/\/www.testart.it\/en\/wp-json\/wp\/v2\/media?parent=811"}],"wp:term":[{"taxonomy":"category","embeddable":true,"href":"https:\/\/www.testart.it\/en\/wp-json\/wp\/v2\/categories?post=811"},{"taxonomy":"post_tag","embeddable":true,"href":"https:\/\/www.testart.it\/en\/wp-json\/wp\/v2\/tags?post=811"}],"curies":[{"name":"wp","href":"https:\/\/api.w.org\/{rel}","templated":true}]}}